{"id":23212,"date":"2022-10-11T12:09:19","date_gmt":"2022-10-11T10:09:19","guid":{"rendered":"http:\/\/maklaus.com\/2022\/10\/11\/ci-vediamo-alla-k-2022\/"},"modified":"2023-06-20T09:23:54","modified_gmt":"2023-06-20T07:23:54","slug":"nos-vemos-en-k-2022","status":"publish","type":"post","link":"https:\/\/maklaus.com\/es\/2022\/10\/11\/nos-vemos-en-k-2022\/","title":{"rendered":"NOS VEMOS EN K-2022"},"content":{"rendered":"<div class=\"vgblk-rw-wrapper limit-wrapper\">\n<img decoding=\"async\" loading=\"lazy\" width=\"630\" height=\"420\" src=\"http:\/\/maklaus.com\/wp-content\/uploads\/2022\/07\/k-2022-dusseldorf.png\" alt=\"k-2022-dusseldorf\" itemprop=\"image\" title=\"k-2022-dusseldorf\" onerror=\"this.style.display='none'\" sizes=\"auto, (max-width: 768px) 100vw, 100vw\" srcset=\"http:\/\/maklaus.com\/wp-content\/uploads\/2022\/07\/k-2022-dusseldorf.png 630w, http:\/\/maklaus.com\/wp-content\/uploads\/2022\/07\/k-2022-dusseldorf-300x200.png 300w, http:\/\/maklaus.com\/wp-content\/uploads\/2022\/07\/k-2022-dusseldorf-570x380.png 570w, http:\/\/maklaus.com\/wp-content\/uploads\/2022\/07\/k-2022-dusseldorf-380x253.png 380w, http:\/\/maklaus.com\/wp-content\/uploads\/2022\/07\/k-2022-dusseldorf-285x190.png 285w\">\t\t\t\t\t\t\t\n\t<h2><strong>19-26 octubre 2022, D\u00fcsseldorf&nbsp;<\/strong><\/h2>\n<h3><strong>\u00a1La cuenta atr\u00e1s ha comenzado! Quedan solo unos d\u00edas para la inauguraci\u00f3n de K 2022.<\/strong><\/h3>\n<p>&nbsp;<\/p>\n<p>Nos complace invitarle a unirse a nosotros en la <strong>feria K en D\u00fcsseldorf<\/strong>, <strong>del 19 al 26 de octubre de 2022<\/strong>, un <strong>evento \u00fanico para la industria del pl\u00e1stico y el caucho<\/strong>.<\/p>\n<p>Despu\u00e9s de estos dos a\u00f1os dif\u00edciles, es incre\u00edble tener de nuevo la oportunidad de reunirnos en persona, creando v\u00ednculos, expandiendo las redes y apreciando todas las novedades del mercado. Estamos particularmente emocionados no solo de pasar tiempo con nuestros clientes, personas que creen en nuestro proyecto y que contribuyen cada d\u00eda a difundir el nombre de <strong>Maklaus<\/strong> en todo el mundo, pero sobre todo por la oportunidad de mostrarles lo que hemos logrado en estos a\u00f1os.<\/p>\n<p>Novedad, innovaci\u00f3n, perfeccionamiento: estas son las palabras clave. \u00bfEst\u00e1 listo para descubrir todas<strong> las novedades sobre<\/strong> <strong>ribobinatura, impresi\u00f3n y macroperforaci\u00f3n<\/strong>? \u00a1Encu\u00e9ntrenos en la<strong> K 2022, hall 3, booth B50<\/strong>! Nuestro equipo espera mostrarle lo que la gente de<strong> Maklaus<\/strong> ha ideado, desarrollado y realizado sin perder de vista nuestros valores principales: simplicidad y fiabilidad.<\/p>\n\t\t\t\t\t\t\t<img decoding=\"async\" loading=\"lazy\" width=\"600\" height=\"338\" src=\"http:\/\/maklaus.com\/wp-content\/uploads\/2022\/10\/ezgif.com-gif-maker.gif\" alt=\"ezgif.com-gif-maker\" itemprop=\"image\" title=\"ezgif.com-gif-maker\" onerror=\"this.style.display='none'\" sizes=\"auto, (max-width: 768px) 100vw, 100vw\">\n<\/div><!-- .vgblk-rw-wrapper -->","protected":false},"excerpt":{"rendered":"<p>19-26 octubre 2022, D\u00fcsseldorf&nbsp; \u00a1La cuenta atr\u00e1s ha comenzado! Quedan solo unos d\u00edas para la inauguraci\u00f3n de K 2022. &nbsp; Nos complace invitarle a unirse a nosotros en la feria K en D\u00fcsseldorf, del 19 al 26 de octubre de 2022, un evento \u00fanico para la industria del pl\u00e1stico y el caucho. Despu\u00e9s de estos&#8230;<\/p>\n","protected":false},"author":1,"featured_media":23051,"comment_status":"closed","ping_status":"closed","sticky":false,"template":"","format":"standard","meta":{"footnotes":"","jetpack_post_was_ever_published":false,"_members_access_role":[],"_members_access_error":""},"categories":[211],"tags":[],"class_list":["post-23212","post","type-post","status-publish","format-standard","has-post-thumbnail","hentry","category-eventos-y-ferias"],"yoast_head":"<!-- This site is optimized with the Yoast SEO plugin v28.4 - https:\/\/yoast.com\/product\/yoast-seo-wordpress\/ -->\n<title>NOS VEMOS EN K-2022 - Maklaus<\/title>\n<meta name=\"robots\" content=\"index, follow, max-snippet:-1, max-image-preview:large, max-video-preview:-1\" \/>\n<link rel=\"canonical\" href=\"https:\/\/maklaus.com\/es\/2022\/10\/11\/nos-vemos-en-k-2022\/\" \/>\n<meta property=\"og:locale\" content=\"es_ES\" \/>\n<meta property=\"og:type\" content=\"article\" \/>\n<meta property=\"og:title\" content=\"NOS VEMOS EN K-2022 - Maklaus\" \/>\n<meta property=\"og:description\" content=\"19-26 octubre 2022, D\u00fcsseldorf&nbsp; \u00a1La cuenta atr\u00e1s ha comenzado! Quedan solo unos d\u00edas para la inauguraci\u00f3n de K 2022. &nbsp; Nos complace invitarle a unirse a nosotros en la feria K en D\u00fcsseldorf, del 19 al 26 de octubre de 2022, un evento \u00fanico para la industria del pl\u00e1stico y el caucho. Despu\u00e9s de estos...\" \/>\n<meta property=\"og:url\" content=\"https:\/\/maklaus.com\/es\/2022\/10\/11\/nos-vemos-en-k-2022\/\" \/>\n<meta property=\"og:site_name\" content=\"Maklaus\" \/>\n<meta property=\"article:published_time\" content=\"2022-10-11T10:09:19+00:00\" \/>\n<meta property=\"article:modified_time\" content=\"2023-06-20T07:23:54+00:00\" \/>\n<meta property=\"og:image\" content=\"https:\/\/maklaus.com\/wp-content\/uploads\/2022\/07\/k-2022-dusseldorf.png\" \/>\n\t<meta property=\"og:image:width\" content=\"630\" \/>\n\t<meta property=\"og:image:height\" content=\"420\" \/>\n\t<meta property=\"og:image:type\" content=\"image\/png\" \/>\n<meta name=\"author\" content=\"Sin@ptic\" \/>\n<meta name=\"twitter:card\" content=\"summary_large_image\" \/>\n<meta name=\"twitter:label1\" content=\"Escrito por\" \/>\n\t<meta name=\"twitter:data1\" content=\"Sin@ptic\" \/>\n\t<meta name=\"twitter:label2\" content=\"Tiempo de lectura\" \/>\n\t<meta name=\"twitter:data2\" content=\"2 minutos\" \/>\n<script type=\"application\/ld+json\" class=\"yoast-schema-graph\">{\"@context\":\"https:\\\/\\\/schema.org\",\"@graph\":[{\"@type\":\"Article\",\"@id\":\"https:\\\/\\\/maklaus.com\\\/es\\\/2022\\\/10\\\/11\\\/nos-vemos-en-k-2022\\\/#article\",\"isPartOf\":{\"@id\":\"https:\\\/\\\/maklaus.com\\\/es\\\/2022\\\/10\\\/11\\\/nos-vemos-en-k-2022\\\/\"},\"author\":{\"name\":\"Sin@ptic\",\"@id\":\"https:\\\/\\\/maklaus.com\\\/es\\\/#\\\/schema\\\/person\\\/81d62a8034795f7a8e5cc8c4f99687e8\"},\"headline\":\"NOS VEMOS EN K-2022\",\"datePublished\":\"2022-10-11T10:09:19+00:00\",\"dateModified\":\"2023-06-20T07:23:54+00:00\",\"mainEntityOfPage\":{\"@id\":\"https:\\\/\\\/maklaus.com\\\/es\\\/2022\\\/10\\\/11\\\/nos-vemos-en-k-2022\\\/\"},\"wordCount\":197,\"publisher\":{\"@id\":\"https:\\\/\\\/maklaus.com\\\/es\\\/#organization\"},\"image\":{\"@id\":\"https:\\\/\\\/maklaus.com\\\/es\\\/2022\\\/10\\\/11\\\/nos-vemos-en-k-2022\\\/#primaryimage\"},\"thumbnailUrl\":\"https:\\\/\\\/maklaus.com\\\/wp-content\\\/uploads\\\/2022\\\/07\\\/k-2022-dusseldorf.png\",\"articleSection\":[\"Eventos y ferias\"],\"inLanguage\":\"es\"},{\"@type\":\"WebPage\",\"@id\":\"https:\\\/\\\/maklaus.com\\\/es\\\/2022\\\/10\\\/11\\\/nos-vemos-en-k-2022\\\/\",\"url\":\"https:\\\/\\\/maklaus.com\\\/es\\\/2022\\\/10\\\/11\\\/nos-vemos-en-k-2022\\\/\",\"name\":\"NOS VEMOS EN K-2022 - Maklaus\",\"isPartOf\":{\"@id\":\"https:\\\/\\\/maklaus.com\\\/es\\\/#website\"},\"primaryImageOfPage\":{\"@id\":\"https:\\\/\\\/maklaus.com\\\/es\\\/2022\\\/10\\\/11\\\/nos-vemos-en-k-2022\\\/#primaryimage\"},\"image\":{\"@id\":\"https:\\\/\\\/maklaus.com\\\/es\\\/2022\\\/10\\\/11\\\/nos-vemos-en-k-2022\\\/#primaryimage\"},\"thumbnailUrl\":\"https:\\\/\\\/maklaus.com\\\/wp-content\\\/uploads\\\/2022\\\/07\\\/k-2022-dusseldorf.png\",\"datePublished\":\"2022-10-11T10:09:19+00:00\",\"dateModified\":\"2023-06-20T07:23:54+00:00\",\"breadcrumb\":{\"@id\":\"https:\\\/\\\/maklaus.com\\\/es\\\/2022\\\/10\\\/11\\\/nos-vemos-en-k-2022\\\/#breadcrumb\"},\"inLanguage\":\"es\",\"potentialAction\":[{\"@type\":\"ReadAction\",\"target\":[\"https:\\\/\\\/maklaus.com\\\/es\\\/2022\\\/10\\\/11\\\/nos-vemos-en-k-2022\\\/\"]}]},{\"@type\":\"ImageObject\",\"inLanguage\":\"es\",\"@id\":\"https:\\\/\\\/maklaus.com\\\/es\\\/2022\\\/10\\\/11\\\/nos-vemos-en-k-2022\\\/#primaryimage\",\"url\":\"https:\\\/\\\/maklaus.com\\\/wp-content\\\/uploads\\\/2022\\\/07\\\/k-2022-dusseldorf.png\",\"contentUrl\":\"https:\\\/\\\/maklaus.com\\\/wp-content\\\/uploads\\\/2022\\\/07\\\/k-2022-dusseldorf.png\",\"width\":630,\"height\":420},{\"@type\":\"BreadcrumbList\",\"@id\":\"https:\\\/\\\/maklaus.com\\\/es\\\/2022\\\/10\\\/11\\\/nos-vemos-en-k-2022\\\/#breadcrumb\",\"itemListElement\":[{\"@type\":\"ListItem\",\"position\":1,\"name\":\"Home\",\"item\":\"https:\\\/\\\/maklaus.com\\\/es\\\/\"},{\"@type\":\"ListItem\",\"position\":2,\"name\":\"NOS VEMOS EN K-2022\"}]},{\"@type\":\"WebSite\",\"@id\":\"https:\\\/\\\/maklaus.com\\\/es\\\/#website\",\"url\":\"https:\\\/\\\/maklaus.com\\\/es\\\/\",\"name\":\"Maklaus\",\"description\":\"\",\"publisher\":{\"@id\":\"https:\\\/\\\/maklaus.com\\\/es\\\/#organization\"},\"potentialAction\":[{\"@type\":\"SearchAction\",\"target\":{\"@type\":\"EntryPoint\",\"urlTemplate\":\"https:\\\/\\\/maklaus.com\\\/es\\\/?s={search_term_string}\"},\"query-input\":{\"@type\":\"PropertyValueSpecification\",\"valueRequired\":true,\"valueName\":\"search_term_string\"}}],\"inLanguage\":\"es\"},{\"@type\":\"Organization\",\"@id\":\"https:\\\/\\\/maklaus.com\\\/es\\\/#organization\",\"name\":\"Maklaus\",\"url\":\"https:\\\/\\\/maklaus.com\\\/es\\\/\",\"logo\":{\"@type\":\"ImageObject\",\"inLanguage\":\"es\",\"@id\":\"https:\\\/\\\/maklaus.com\\\/es\\\/#\\\/schema\\\/logo\\\/image\\\/\",\"url\":\"https:\\\/\\\/maklaus.com\\\/wp-content\\\/uploads\\\/2025\\\/10\\\/cropped-LOGO-MAKLAUS-WEB.png\",\"contentUrl\":\"https:\\\/\\\/maklaus.com\\\/wp-content\\\/uploads\\\/2025\\\/10\\\/cropped-LOGO-MAKLAUS-WEB.png\",\"width\":880,\"height\":173,\"caption\":\"Maklaus\"},\"image\":{\"@id\":\"https:\\\/\\\/maklaus.com\\\/es\\\/#\\\/schema\\\/logo\\\/image\\\/\"}},{\"@type\":\"Person\",\"@id\":\"https:\\\/\\\/maklaus.com\\\/es\\\/#\\\/schema\\\/person\\\/81d62a8034795f7a8e5cc8c4f99687e8\",\"name\":\"Sin@ptic\",\"image\":{\"@type\":\"ImageObject\",\"inLanguage\":\"es\",\"@id\":\"https:\\\/\\\/secure.gravatar.com\\\/avatar\\\/d89cd4e342c8cbd97676fb8e4aec3124409bf7032a63959bb841b7dc3425b040?s=96&d=mm&r=g\",\"url\":\"https:\\\/\\\/secure.gravatar.com\\\/avatar\\\/d89cd4e342c8cbd97676fb8e4aec3124409bf7032a63959bb841b7dc3425b040?s=96&d=mm&r=g\",\"contentUrl\":\"https:\\\/\\\/secure.gravatar.com\\\/avatar\\\/d89cd4e342c8cbd97676fb8e4aec3124409bf7032a63959bb841b7dc3425b040?s=96&d=mm&r=g\",\"caption\":\"Sin@ptic\"},\"url\":\"https:\\\/\\\/maklaus.com\\\/es\\\/author\\\/sinptic\\\/\"}]}<\/script>\n<!-- \/ Yoast SEO plugin. -->","yoast_head_json":{"title":"NOS VEMOS EN K-2022 - Maklaus","robots":{"index":"index","follow":"follow","max-snippet":"max-snippet:-1","max-image-preview":"max-image-preview:large","max-video-preview":"max-video-preview:-1"},"canonical":"https:\/\/maklaus.com\/es\/2022\/10\/11\/nos-vemos-en-k-2022\/","og_locale":"es_ES","og_type":"article","og_title":"NOS VEMOS EN K-2022 - Maklaus","og_description":"19-26 octubre 2022, D\u00fcsseldorf&nbsp; \u00a1La cuenta atr\u00e1s ha comenzado! Quedan solo unos d\u00edas para la inauguraci\u00f3n de K 2022. &nbsp; Nos complace invitarle a unirse a nosotros en la feria K en D\u00fcsseldorf, del 19 al 26 de octubre de 2022, un evento \u00fanico para la industria del pl\u00e1stico y el caucho. Despu\u00e9s de estos...","og_url":"https:\/\/maklaus.com\/es\/2022\/10\/11\/nos-vemos-en-k-2022\/","og_site_name":"Maklaus","article_published_time":"2022-10-11T10:09:19+00:00","article_modified_time":"2023-06-20T07:23:54+00:00","og_image":[{"width":630,"height":420,"url":"https:\/\/maklaus.com\/wp-content\/uploads\/2022\/07\/k-2022-dusseldorf.png","type":"image\/png"}],"author":"Sin@ptic","twitter_card":"summary_large_image","twitter_misc":{"Escrito por":"Sin@ptic","Tiempo de lectura":"2 minutos"},"schema":{"@context":"https:\/\/schema.org","@graph":[{"@type":"Article","@id":"https:\/\/maklaus.com\/es\/2022\/10\/11\/nos-vemos-en-k-2022\/#article","isPartOf":{"@id":"https:\/\/maklaus.com\/es\/2022\/10\/11\/nos-vemos-en-k-2022\/"},"author":{"name":"Sin@ptic","@id":"https:\/\/maklaus.com\/es\/#\/schema\/person\/81d62a8034795f7a8e5cc8c4f99687e8"},"headline":"NOS VEMOS EN K-2022","datePublished":"2022-10-11T10:09:19+00:00","dateModified":"2023-06-20T07:23:54+00:00","mainEntityOfPage":{"@id":"https:\/\/maklaus.com\/es\/2022\/10\/11\/nos-vemos-en-k-2022\/"},"wordCount":197,"publisher":{"@id":"https:\/\/maklaus.com\/es\/#organization"},"image":{"@id":"https:\/\/maklaus.com\/es\/2022\/10\/11\/nos-vemos-en-k-2022\/#primaryimage"},"thumbnailUrl":"https:\/\/maklaus.com\/wp-content\/uploads\/2022\/07\/k-2022-dusseldorf.png","articleSection":["Eventos y ferias"],"inLanguage":"es"},{"@type":"WebPage","@id":"https:\/\/maklaus.com\/es\/2022\/10\/11\/nos-vemos-en-k-2022\/","url":"https:\/\/maklaus.com\/es\/2022\/10\/11\/nos-vemos-en-k-2022\/","name":"NOS VEMOS EN K-2022 - Maklaus","isPartOf":{"@id":"https:\/\/maklaus.com\/es\/#website"},"primaryImageOfPage":{"@id":"https:\/\/maklaus.com\/es\/2022\/10\/11\/nos-vemos-en-k-2022\/#primaryimage"},"image":{"@id":"https:\/\/maklaus.com\/es\/2022\/10\/11\/nos-vemos-en-k-2022\/#primaryimage"},"thumbnailUrl":"https:\/\/maklaus.com\/wp-content\/uploads\/2022\/07\/k-2022-dusseldorf.png","datePublished":"2022-10-11T10:09:19+00:00","dateModified":"2023-06-20T07:23:54+00:00","breadcrumb":{"@id":"https:\/\/maklaus.com\/es\/2022\/10\/11\/nos-vemos-en-k-2022\/#breadcrumb"},"inLanguage":"es","potentialAction":[{"@type":"ReadAction","target":["https:\/\/maklaus.com\/es\/2022\/10\/11\/nos-vemos-en-k-2022\/"]}]},{"@type":"ImageObject","inLanguage":"es","@id":"https:\/\/maklaus.com\/es\/2022\/10\/11\/nos-vemos-en-k-2022\/#primaryimage","url":"https:\/\/maklaus.com\/wp-content\/uploads\/2022\/07\/k-2022-dusseldorf.png","contentUrl":"https:\/\/maklaus.com\/wp-content\/uploads\/2022\/07\/k-2022-dusseldorf.png","width":630,"height":420},{"@type":"BreadcrumbList","@id":"https:\/\/maklaus.com\/es\/2022\/10\/11\/nos-vemos-en-k-2022\/#breadcrumb","itemListElement":[{"@type":"ListItem","position":1,"name":"Home","item":"https:\/\/maklaus.com\/es\/"},{"@type":"ListItem","position":2,"name":"NOS VEMOS EN K-2022"}]},{"@type":"WebSite","@id":"https:\/\/maklaus.com\/es\/#website","url":"https:\/\/maklaus.com\/es\/","name":"Maklaus","description":"","publisher":{"@id":"https:\/\/maklaus.com\/es\/#organization"},"potentialAction":[{"@type":"SearchAction","target":{"@type":"EntryPoint","urlTemplate":"https:\/\/maklaus.com\/es\/?s={search_term_string}"},"query-input":{"@type":"PropertyValueSpecification","valueRequired":true,"valueName":"search_term_string"}}],"inLanguage":"es"},{"@type":"Organization","@id":"https:\/\/maklaus.com\/es\/#organization","name":"Maklaus","url":"https:\/\/maklaus.com\/es\/","logo":{"@type":"ImageObject","inLanguage":"es","@id":"https:\/\/maklaus.com\/es\/#\/schema\/logo\/image\/","url":"https:\/\/maklaus.com\/wp-content\/uploads\/2025\/10\/cropped-LOGO-MAKLAUS-WEB.png","contentUrl":"https:\/\/maklaus.com\/wp-content\/uploads\/2025\/10\/cropped-LOGO-MAKLAUS-WEB.png","width":880,"height":173,"caption":"Maklaus"},"image":{"@id":"https:\/\/maklaus.com\/es\/#\/schema\/logo\/image\/"}},{"@type":"Person","@id":"https:\/\/maklaus.com\/es\/#\/schema\/person\/81d62a8034795f7a8e5cc8c4f99687e8","name":"Sin@ptic","image":{"@type":"ImageObject","inLanguage":"es","@id":"https:\/\/secure.gravatar.com\/avatar\/d89cd4e342c8cbd97676fb8e4aec3124409bf7032a63959bb841b7dc3425b040?s=96&d=mm&r=g","url":"https:\/\/secure.gravatar.com\/avatar\/d89cd4e342c8cbd97676fb8e4aec3124409bf7032a63959bb841b7dc3425b040?s=96&d=mm&r=g","contentUrl":"https:\/\/secure.gravatar.com\/avatar\/d89cd4e342c8cbd97676fb8e4aec3124409bf7032a63959bb841b7dc3425b040?s=96&d=mm&r=g","caption":"Sin@ptic"},"url":"https:\/\/maklaus.com\/es\/author\/sinptic\/"}]}},"jetpack_featured_media_url":"https:\/\/maklaus.com\/wp-content\/uploads\/2022\/07\/k-2022-dusseldorf.png","_links":{"self":[{"href":"https:\/\/maklaus.com\/es\/wp-json\/wp\/v2\/posts\/23212","targetHints":{"allow":["GET"]}}],"collection":[{"href":"https:\/\/maklaus.com\/es\/wp-json\/wp\/v2\/posts"}],"about":[{"href":"https:\/\/maklaus.com\/es\/wp-json\/wp\/v2\/types\/post"}],"author":[{"embeddable":true,"href":"https:\/\/maklaus.com\/es\/wp-json\/wp\/v2\/users\/1"}],"replies":[{"embeddable":true,"href":"https:\/\/maklaus.com\/es\/wp-json\/wp\/v2\/comments?post=23212"}],"version-history":[{"count":11,"href":"https:\/\/maklaus.com\/es\/wp-json\/wp\/v2\/posts\/23212\/revisions"}],"predecessor-version":[{"id":23721,"href":"https:\/\/maklaus.com\/es\/wp-json\/wp\/v2\/posts\/23212\/revisions\/23721"}],"wp:featuredmedia":[{"embeddable":true,"href":"https:\/\/maklaus.com\/es\/wp-json\/wp\/v2\/media\/23051"}],"wp:attachment":[{"href":"https:\/\/maklaus.com\/es\/wp-json\/wp\/v2\/media?parent=23212"}],"wp:term":[{"taxonomy":"category","embeddable":true,"href":"https:\/\/maklaus.com\/es\/wp-json\/wp\/v2\/categories?post=23212"},{"taxonomy":"post_tag","embeddable":true,"href":"https:\/\/maklaus.com\/es\/wp-json\/wp\/v2\/tags?post=23212"}],"curies":[{"name":"wp","href":"https:\/\/api.w.org\/{rel}","templated":true}]}}